{"id":163,"date":"2023-11-21T17:55:34","date_gmt":"2023-11-21T15:55:34","guid":{"rendered":"https:\/\/masterblog.es\/?p=163"},"modified":"2025-12-18T14:09:35","modified_gmt":"2025-12-18T12:09:35","slug":"la-nueva-etiqueta-energetica-en-la-union-europea","status":"publish","type":"post","link":"https:\/\/masterblog.es\/pt\/la-nueva-etiqueta-energetica-en-la-union-europea\/","title":{"rendered":"La nueva etiqueta energ\u00e9tica en la Uni\u00f3n Europea"},"content":{"rendered":"<p>La etiqueta energ\u00e9tica es un indicador que nos permite conocer la eficiencia tanto de electrodom\u00e9sticos como de dispositivos de iluminaci\u00f3n.<\/p>\n\n\n\n<p>El etiquetado de productos seg\u00fan su eficiencia energ\u00e9tica est\u00e1 estandarizado en la Uni\u00f3n Europea y utiliza una <strong>escala desde la letra A hasta la G<\/strong>, siendo la primera el indicador para los aparatos m\u00e1s eficientes. Atr\u00e1s queda el sistema antiguo de clasificaci\u00f3n, en el que pod\u00edamos encontrar etiquetas como A, A\u207a, A\u207a\u207a, A\u207a\u207a\u207a, etc. lo cual llevaba a confusi\u00f3n entre los consumidores. El nuevo sistema pretende adaptarse a los nuevos rangos de eficiencia de los productos y deja tambi\u00e9n margen de mejora para las generaciones futuras.<\/p>\n\n\n<div class=\"wp-block-image\">\n<figure class=\"aligncenter size-full\"><img loading=\"lazy\" decoding=\"async\" width=\"884\" height=\"497\" src=\"https:\/\/masterblog.es\/engine\/assets\/uploads\/2023\/11\/Captura-de-pantalla-2023-11-21-165336.png\" alt=\"\" class=\"wp-image-164\" srcset=\"https:\/\/masterblog.es\/engine\/assets\/uploads\/2023\/11\/Captura-de-pantalla-2023-11-21-165336.png 884w, https:\/\/masterblog.es\/engine\/assets\/uploads\/2023\/11\/Captura-de-pantalla-2023-11-21-165336-300x169.png 300w, https:\/\/masterblog.es\/engine\/assets\/uploads\/2023\/11\/Captura-de-pantalla-2023-11-21-165336-768x432.png 768w\" sizes=\"(max-width: 884px) 100vw, 884px\" \/><\/figure>\n<\/div>\n\n\n<p class=\"has-text-align-center has-vivid-cyan-blue-color has-text-color has-link-color wp-elements-3f82b82c1a86e113ea3ecb990a32b96d\">Comparaci\u00f3n entre el antiguo y el nuevo modelo de etiqueta energ\u00e9tica<\/p>\n\n\n\n<h2 class=\"wp-block-heading\">Etiquetado energ\u00e9tico de iluminaci\u00f3n<\/h2>\n\n\n\n<p>En el \u00e1mbito de la iluminaci\u00f3n, el nuevo formato de etiquetado energ\u00e9tico se utiliza desde septiembre de 2021 y divide a las luminarias en funci\u00f3n de los l\u00famenes por watio que ofrecen. En la actualidad, la gran mayor\u00eda de las luminarias tienen una eficiencia de entre 100 y 140 lm\/w, por lo que los rangos m\u00e1s altos de la tabla se reservan para futuras tecnolog\u00edas todav\u00eda m\u00e1s eficientes.<\/p>\n\n\n\n<p><\/p>\n\n\n<div class=\"wp-block-image\">\n<figure class=\"aligncenter size-full\"><img loading=\"lazy\" decoding=\"async\" width=\"698\" height=\"290\" src=\"https:\/\/masterblog.es\/engine\/assets\/uploads\/2023\/11\/Captura-de-pantalla-2023-11-21-165456.png\" alt=\"\" class=\"wp-image-165\" srcset=\"https:\/\/masterblog.es\/engine\/assets\/uploads\/2023\/11\/Captura-de-pantalla-2023-11-21-165456.png 698w, https:\/\/masterblog.es\/engine\/assets\/uploads\/2023\/11\/Captura-de-pantalla-2023-11-21-165456-300x125.png 300w\" sizes=\"(max-width: 698px) 100vw, 698px\" \/><\/figure>\n<\/div>\n\n\n<p class=\"has-text-align-center has-vivid-cyan-blue-color has-text-color has-link-color wp-elements-850b135fda2fa31304e136d967922528\">Etiquetado energ\u00e9tico aplicado a los aparatos de iluminaci\u00f3n<\/p>\n\n\n\n<p>Por lo tanto, a la hora de elegir un electrodom\u00e9stico o luminaria, debemos tener muy en cuenta la clasificaci\u00f3n energ\u00e9tica. Los productos de clase m\u00e1s eficiente suelen ser m\u00e1s caros, pero es muy probable que a largo plazo nos compense econ\u00f3micamente, ya que se producir\u00e1 un ahorro notable en la factura de la luz.<\/p>\n\n\n\n<p><\/p>","protected":false},"excerpt":{"rendered":"<p>La etiqueta energ\u00e9tica es un indicador que nos permite conocer la eficiencia tanto de electrodom\u00e9sticos como de dispositivos de iluminaci\u00f3n. El etiquetado de productos seg\u00fan su eficiencia energ\u00e9tica est\u00e1 estandarizado en la Uni\u00f3n Europea y utiliza una escala desde la letra A hasta la G, siendo la primera el indicador para los aparatos m\u00e1s eficientes. [&hellip;]<\/p>\n","protected":false},"author":2,"featured_media":171,"comment_status":"open","ping_status":"open","sticky":false,"template":"","format":"standard","meta":{"saved_in_kubio":false,"footnotes":""},"categories":[8,15],"tags":[],"class_list":["post-163","post","type-post","status-publish","format-standard","has-post-thumbnail","hentry","category-preguntas-led","category-iluminacion-sostenible"],"yoast_head":"<!-- This site is optimized with the Yoast SEO plugin v27.4 - https:\/\/yoast.com\/product\/yoast-seo-wordpress\/ -->\n<title>La nueva etiqueta energ\u00e9tica en la Uni\u00f3n Europea | Masterblog<\/title>\n<meta name=\"description\" content=\"La etiqueta energ\u00e9tica es un indicador que nos permite conocer la eficiencia tanto de electrodom\u00e9sticos como de dispositivos de iluminaci\u00f3n.\" \/>\n<meta name=\"robots\" content=\"index, follow, max-snippet:-1, max-image-preview:large, max-video-preview:-1\" \/>\n<link rel=\"canonical\" href=\"https:\/\/masterblog.es\/pt\/la-nueva-etiqueta-energetica-en-la-union-europea\/\" \/>\n<meta property=\"og:locale\" content=\"pt_PT\" \/>\n<meta property=\"og:type\" content=\"article\" \/>\n<meta property=\"og:title\" content=\"La nueva etiqueta energ\u00e9tica en la Uni\u00f3n Europea | Masterblog\" \/>\n<meta property=\"og:description\" content=\"La etiqueta energ\u00e9tica es un indicador que nos permite conocer la eficiencia tanto de electrodom\u00e9sticos como de dispositivos de iluminaci\u00f3n.\" \/>\n<meta property=\"og:url\" content=\"https:\/\/masterblog.es\/pt\/la-nueva-etiqueta-energetica-en-la-union-europea\/\" \/>\n<meta property=\"og:site_name\" content=\"Masterblog\" \/>\n<meta property=\"article:publisher\" content=\"https:\/\/www.facebook.com\/Masterled.Iluminacion\" \/>\n<meta property=\"article:published_time\" content=\"2023-11-21T15:55:34+00:00\" \/>\n<meta property=\"article:modified_time\" content=\"2025-12-18T12:09:35+00:00\" \/>\n<meta property=\"og:image\" content=\"https:\/\/masterblog.es\/engine\/assets\/uploads\/2023\/11\/2023.04.24-energeticke-stitky-v-EU.jpg\" \/>\n\t<meta property=\"og:image:width\" content=\"800\" \/>\n\t<meta property=\"og:image:height\" content=\"530\" \/>\n\t<meta property=\"og:image:type\" content=\"image\/jpeg\" \/>\n<meta name=\"author\" content=\"Alex L\" \/>\n<meta name=\"twitter:card\" content=\"summary_large_image\" \/>\n<meta name=\"twitter:label1\" content=\"Escrito por\" \/>\n\t<meta name=\"twitter:data1\" content=\"Alex L\" \/>\n\t<meta name=\"twitter:label2\" content=\"Tempo estimado de leitura\" \/>\n\t<meta name=\"twitter:data2\" content=\"2 minutos\" \/>\n<script type=\"application\/ld+json\" class=\"yoast-schema-graph\">{\"@context\":\"https:\\\/\\\/schema.org\",\"@graph\":[{\"@type\":\"Article\",\"@id\":\"https:\\\/\\\/masterblog.es\\\/la-nueva-etiqueta-energetica-en-la-union-europea\\\/#article\",\"isPartOf\":{\"@id\":\"https:\\\/\\\/masterblog.es\\\/la-nueva-etiqueta-energetica-en-la-union-europea\\\/\"},\"author\":{\"name\":\"Alex L\",\"@id\":\"http:\\\/\\\/masterblog.es\\\/#\\\/schema\\\/person\\\/c6518f262caaa6e887c2d0aecc2cc410\"},\"headline\":\"La nueva etiqueta energ\u00e9tica en la Uni\u00f3n Europea\",\"datePublished\":\"2023-11-21T15:55:34+00:00\",\"dateModified\":\"2025-12-18T12:09:35+00:00\",\"mainEntityOfPage\":{\"@id\":\"https:\\\/\\\/masterblog.es\\\/la-nueva-etiqueta-energetica-en-la-union-europea\\\/\"},\"wordCount\":292,\"commentCount\":0,\"publisher\":{\"@id\":\"http:\\\/\\\/masterblog.es\\\/#organization\"},\"image\":{\"@id\":\"https:\\\/\\\/masterblog.es\\\/la-nueva-etiqueta-energetica-en-la-union-europea\\\/#primaryimage\"},\"thumbnailUrl\":\"https:\\\/\\\/masterblog.es\\\/engine\\\/assets\\\/uploads\\\/2023\\\/11\\\/2023.04.24-energeticke-stitky-v-EU.jpg\",\"articleSection\":[\"Consejos LED\",\"Sostenible\"],\"inLanguage\":\"pt-PT\",\"potentialAction\":[{\"@type\":\"CommentAction\",\"name\":\"Comment\",\"target\":[\"https:\\\/\\\/masterblog.es\\\/la-nueva-etiqueta-energetica-en-la-union-europea\\\/#respond\"]}]},{\"@type\":\"WebPage\",\"@id\":\"https:\\\/\\\/masterblog.es\\\/la-nueva-etiqueta-energetica-en-la-union-europea\\\/\",\"url\":\"https:\\\/\\\/masterblog.es\\\/la-nueva-etiqueta-energetica-en-la-union-europea\\\/\",\"name\":\"La nueva etiqueta energ\u00e9tica en la Uni\u00f3n Europea | Masterblog\",\"isPartOf\":{\"@id\":\"http:\\\/\\\/masterblog.es\\\/#website\"},\"primaryImageOfPage\":{\"@id\":\"https:\\\/\\\/masterblog.es\\\/la-nueva-etiqueta-energetica-en-la-union-europea\\\/#primaryimage\"},\"image\":{\"@id\":\"https:\\\/\\\/masterblog.es\\\/la-nueva-etiqueta-energetica-en-la-union-europea\\\/#primaryimage\"},\"thumbnailUrl\":\"https:\\\/\\\/masterblog.es\\\/engine\\\/assets\\\/uploads\\\/2023\\\/11\\\/2023.04.24-energeticke-stitky-v-EU.jpg\",\"datePublished\":\"2023-11-21T15:55:34+00:00\",\"dateModified\":\"2025-12-18T12:09:35+00:00\",\"description\":\"La etiqueta energ\u00e9tica es un indicador que nos permite conocer la eficiencia tanto de electrodom\u00e9sticos como de dispositivos de iluminaci\u00f3n.\",\"breadcrumb\":{\"@id\":\"https:\\\/\\\/masterblog.es\\\/la-nueva-etiqueta-energetica-en-la-union-europea\\\/#breadcrumb\"},\"inLanguage\":\"pt-PT\",\"potentialAction\":[{\"@type\":\"ReadAction\",\"target\":[\"https:\\\/\\\/masterblog.es\\\/la-nueva-etiqueta-energetica-en-la-union-europea\\\/\"]}]},{\"@type\":\"ImageObject\",\"inLanguage\":\"pt-PT\",\"@id\":\"https:\\\/\\\/masterblog.es\\\/la-nueva-etiqueta-energetica-en-la-union-europea\\\/#primaryimage\",\"url\":\"https:\\\/\\\/masterblog.es\\\/engine\\\/assets\\\/uploads\\\/2023\\\/11\\\/2023.04.24-energeticke-stitky-v-EU.jpg\",\"contentUrl\":\"https:\\\/\\\/masterblog.es\\\/engine\\\/assets\\\/uploads\\\/2023\\\/11\\\/2023.04.24-energeticke-stitky-v-EU.jpg\",\"width\":800,\"height\":530},{\"@type\":\"BreadcrumbList\",\"@id\":\"https:\\\/\\\/masterblog.es\\\/la-nueva-etiqueta-energetica-en-la-union-europea\\\/#breadcrumb\",\"itemListElement\":[{\"@type\":\"ListItem\",\"position\":1,\"name\":\"Portada\",\"item\":\"http:\\\/\\\/masterblog.es\\\/\"},{\"@type\":\"ListItem\",\"position\":2,\"name\":\"La nueva etiqueta energ\u00e9tica en la Uni\u00f3n Europea\"}]},{\"@type\":\"WebSite\",\"@id\":\"http:\\\/\\\/masterblog.es\\\/#website\",\"url\":\"http:\\\/\\\/masterblog.es\\\/\",\"name\":\"Masterblog\",\"description\":\"El blog de Masterled\",\"publisher\":{\"@id\":\"http:\\\/\\\/masterblog.es\\\/#organization\"},\"potentialAction\":[{\"@type\":\"SearchAction\",\"target\":{\"@type\":\"EntryPoint\",\"urlTemplate\":\"http:\\\/\\\/masterblog.es\\\/?s={search_term_string}\"},\"query-input\":{\"@type\":\"PropertyValueSpecification\",\"valueRequired\":true,\"valueName\":\"search_term_string\"}}],\"inLanguage\":\"pt-PT\"},{\"@type\":\"Organization\",\"@id\":\"http:\\\/\\\/masterblog.es\\\/#organization\",\"name\":\"Masterblog\",\"url\":\"http:\\\/\\\/masterblog.es\\\/\",\"logo\":{\"@type\":\"ImageObject\",\"inLanguage\":\"pt-PT\",\"@id\":\"http:\\\/\\\/masterblog.es\\\/#\\\/schema\\\/logo\\\/image\\\/\",\"url\":\"https:\\\/\\\/masterblog.es\\\/engine\\\/assets\\\/uploads\\\/2023\\\/07\\\/masterbloglogo.png\",\"contentUrl\":\"https:\\\/\\\/masterblog.es\\\/engine\\\/assets\\\/uploads\\\/2023\\\/07\\\/masterbloglogo.png\",\"width\":1143,\"height\":383,\"caption\":\"Masterblog\"},\"image\":{\"@id\":\"http:\\\/\\\/masterblog.es\\\/#\\\/schema\\\/logo\\\/image\\\/\"},\"sameAs\":[\"https:\\\/\\\/www.facebook.com\\\/Masterled.Iluminacion\",\"https:\\\/\\\/www.instagram.com\\\/masterled.es\\\/\"]},{\"@type\":\"Person\",\"@id\":\"http:\\\/\\\/masterblog.es\\\/#\\\/schema\\\/person\\\/c6518f262caaa6e887c2d0aecc2cc410\",\"name\":\"Alex L\",\"image\":{\"@type\":\"ImageObject\",\"inLanguage\":\"pt-PT\",\"@id\":\"https:\\\/\\\/secure.gravatar.com\\\/avatar\\\/5bac3d8c22cabe7773eb9077f0a69a391a566de1832226daab26d561deda2b07?s=96&d=mm&r=g\",\"url\":\"https:\\\/\\\/secure.gravatar.com\\\/avatar\\\/5bac3d8c22cabe7773eb9077f0a69a391a566de1832226daab26d561deda2b07?s=96&d=mm&r=g\",\"contentUrl\":\"https:\\\/\\\/secure.gravatar.com\\\/avatar\\\/5bac3d8c22cabe7773eb9077f0a69a391a566de1832226daab26d561deda2b07?s=96&d=mm&r=g\",\"caption\":\"Alex L\"},\"url\":\"https:\\\/\\\/masterblog.es\\\/pt\\\/author\\\/alex\\\/\"}]}<\/script>\n<!-- \/ Yoast SEO plugin. -->","yoast_head_json":{"title":"La nueva etiqueta energ\u00e9tica en la Uni\u00f3n Europea | Masterblog","description":"La etiqueta energ\u00e9tica es un indicador que nos permite conocer la eficiencia tanto de electrodom\u00e9sticos como de dispositivos de iluminaci\u00f3n.","robots":{"index":"index","follow":"follow","max-snippet":"max-snippet:-1","max-image-preview":"max-image-preview:large","max-video-preview":"max-video-preview:-1"},"canonical":"https:\/\/masterblog.es\/pt\/la-nueva-etiqueta-energetica-en-la-union-europea\/","og_locale":"pt_PT","og_type":"article","og_title":"La nueva etiqueta energ\u00e9tica en la Uni\u00f3n Europea | Masterblog","og_description":"La etiqueta energ\u00e9tica es un indicador que nos permite conocer la eficiencia tanto de electrodom\u00e9sticos como de dispositivos de iluminaci\u00f3n.","og_url":"https:\/\/masterblog.es\/pt\/la-nueva-etiqueta-energetica-en-la-union-europea\/","og_site_name":"Masterblog","article_publisher":"https:\/\/www.facebook.com\/Masterled.Iluminacion","article_published_time":"2023-11-21T15:55:34+00:00","article_modified_time":"2025-12-18T12:09:35+00:00","og_image":[{"width":800,"height":530,"url":"https:\/\/masterblog.es\/engine\/assets\/uploads\/2023\/11\/2023.04.24-energeticke-stitky-v-EU.jpg","type":"image\/jpeg"}],"author":"Alex L","twitter_card":"summary_large_image","twitter_misc":{"Escrito por":"Alex L","Tempo estimado de leitura":"2 minutos"},"schema":{"@context":"https:\/\/schema.org","@graph":[{"@type":"Article","@id":"https:\/\/masterblog.es\/la-nueva-etiqueta-energetica-en-la-union-europea\/#article","isPartOf":{"@id":"https:\/\/masterblog.es\/la-nueva-etiqueta-energetica-en-la-union-europea\/"},"author":{"name":"Alex L","@id":"http:\/\/masterblog.es\/#\/schema\/person\/c6518f262caaa6e887c2d0aecc2cc410"},"headline":"La nueva etiqueta energ\u00e9tica en la Uni\u00f3n Europea","datePublished":"2023-11-21T15:55:34+00:00","dateModified":"2025-12-18T12:09:35+00:00","mainEntityOfPage":{"@id":"https:\/\/masterblog.es\/la-nueva-etiqueta-energetica-en-la-union-europea\/"},"wordCount":292,"commentCount":0,"publisher":{"@id":"http:\/\/masterblog.es\/#organization"},"image":{"@id":"https:\/\/masterblog.es\/la-nueva-etiqueta-energetica-en-la-union-europea\/#primaryimage"},"thumbnailUrl":"https:\/\/masterblog.es\/engine\/assets\/uploads\/2023\/11\/2023.04.24-energeticke-stitky-v-EU.jpg","articleSection":["Consejos LED","Sostenible"],"inLanguage":"pt-PT","potentialAction":[{"@type":"CommentAction","name":"Comment","target":["https:\/\/masterblog.es\/la-nueva-etiqueta-energetica-en-la-union-europea\/#respond"]}]},{"@type":"WebPage","@id":"https:\/\/masterblog.es\/la-nueva-etiqueta-energetica-en-la-union-europea\/","url":"https:\/\/masterblog.es\/la-nueva-etiqueta-energetica-en-la-union-europea\/","name":"La nueva etiqueta energ\u00e9tica en la Uni\u00f3n Europea | Masterblog","isPartOf":{"@id":"http:\/\/masterblog.es\/#website"},"primaryImageOfPage":{"@id":"https:\/\/masterblog.es\/la-nueva-etiqueta-energetica-en-la-union-europea\/#primaryimage"},"image":{"@id":"https:\/\/masterblog.es\/la-nueva-etiqueta-energetica-en-la-union-europea\/#primaryimage"},"thumbnailUrl":"https:\/\/masterblog.es\/engine\/assets\/uploads\/2023\/11\/2023.04.24-energeticke-stitky-v-EU.jpg","datePublished":"2023-11-21T15:55:34+00:00","dateModified":"2025-12-18T12:09:35+00:00","description":"La etiqueta energ\u00e9tica es un indicador que nos permite conocer la eficiencia tanto de electrodom\u00e9sticos como de dispositivos de iluminaci\u00f3n.","breadcrumb":{"@id":"https:\/\/masterblog.es\/la-nueva-etiqueta-energetica-en-la-union-europea\/#breadcrumb"},"inLanguage":"pt-PT","potentialAction":[{"@type":"ReadAction","target":["https:\/\/masterblog.es\/la-nueva-etiqueta-energetica-en-la-union-europea\/"]}]},{"@type":"ImageObject","inLanguage":"pt-PT","@id":"https:\/\/masterblog.es\/la-nueva-etiqueta-energetica-en-la-union-europea\/#primaryimage","url":"https:\/\/masterblog.es\/engine\/assets\/uploads\/2023\/11\/2023.04.24-energeticke-stitky-v-EU.jpg","contentUrl":"https:\/\/masterblog.es\/engine\/assets\/uploads\/2023\/11\/2023.04.24-energeticke-stitky-v-EU.jpg","width":800,"height":530},{"@type":"BreadcrumbList","@id":"https:\/\/masterblog.es\/la-nueva-etiqueta-energetica-en-la-union-europea\/#breadcrumb","itemListElement":[{"@type":"ListItem","position":1,"name":"Portada","item":"http:\/\/masterblog.es\/"},{"@type":"ListItem","position":2,"name":"La nueva etiqueta energ\u00e9tica en la Uni\u00f3n Europea"}]},{"@type":"WebSite","@id":"http:\/\/masterblog.es\/#website","url":"http:\/\/masterblog.es\/","name":"Masterblog","description":"El blog de Masterled","publisher":{"@id":"http:\/\/masterblog.es\/#organization"},"potentialAction":[{"@type":"SearchAction","target":{"@type":"EntryPoint","urlTemplate":"http:\/\/masterblog.es\/?s={search_term_string}"},"query-input":{"@type":"PropertyValueSpecification","valueRequired":true,"valueName":"search_term_string"}}],"inLanguage":"pt-PT"},{"@type":"Organization","@id":"http:\/\/masterblog.es\/#organization","name":"Masterblog","url":"http:\/\/masterblog.es\/","logo":{"@type":"ImageObject","inLanguage":"pt-PT","@id":"http:\/\/masterblog.es\/#\/schema\/logo\/image\/","url":"https:\/\/masterblog.es\/engine\/assets\/uploads\/2023\/07\/masterbloglogo.png","contentUrl":"https:\/\/masterblog.es\/engine\/assets\/uploads\/2023\/07\/masterbloglogo.png","width":1143,"height":383,"caption":"Masterblog"},"image":{"@id":"http:\/\/masterblog.es\/#\/schema\/logo\/image\/"},"sameAs":["https:\/\/www.facebook.com\/Masterled.Iluminacion","https:\/\/www.instagram.com\/masterled.es\/"]},{"@type":"Person","@id":"http:\/\/masterblog.es\/#\/schema\/person\/c6518f262caaa6e887c2d0aecc2cc410","name":"Alex L","image":{"@type":"ImageObject","inLanguage":"pt-PT","@id":"https:\/\/secure.gravatar.com\/avatar\/5bac3d8c22cabe7773eb9077f0a69a391a566de1832226daab26d561deda2b07?s=96&d=mm&r=g","url":"https:\/\/secure.gravatar.com\/avatar\/5bac3d8c22cabe7773eb9077f0a69a391a566de1832226daab26d561deda2b07?s=96&d=mm&r=g","contentUrl":"https:\/\/secure.gravatar.com\/avatar\/5bac3d8c22cabe7773eb9077f0a69a391a566de1832226daab26d561deda2b07?s=96&d=mm&r=g","caption":"Alex L"},"url":"https:\/\/masterblog.es\/pt\/author\/alex\/"}]}},"_links":{"self":[{"href":"https:\/\/masterblog.es\/pt\/wp-json\/wp\/v2\/posts\/163","targetHints":{"allow":["GET"]}}],"collection":[{"href":"https:\/\/masterblog.es\/pt\/wp-json\/wp\/v2\/posts"}],"about":[{"href":"https:\/\/masterblog.es\/pt\/wp-json\/wp\/v2\/types\/post"}],"author":[{"embeddable":true,"href":"https:\/\/masterblog.es\/pt\/wp-json\/wp\/v2\/users\/2"}],"replies":[{"embeddable":true,"href":"https:\/\/masterblog.es\/pt\/wp-json\/wp\/v2\/comments?post=163"}],"version-history":[{"count":6,"href":"https:\/\/masterblog.es\/pt\/wp-json\/wp\/v2\/posts\/163\/revisions"}],"predecessor-version":[{"id":399,"href":"https:\/\/masterblog.es\/pt\/wp-json\/wp\/v2\/posts\/163\/revisions\/399"}],"wp:featuredmedia":[{"embeddable":true,"href":"https:\/\/masterblog.es\/pt\/wp-json\/wp\/v2\/media\/171"}],"wp:attachment":[{"href":"https:\/\/masterblog.es\/pt\/wp-json\/wp\/v2\/media?parent=163"}],"wp:term":[{"taxonomy":"category","embeddable":true,"href":"https:\/\/masterblog.es\/pt\/wp-json\/wp\/v2\/categories?post=163"},{"taxonomy":"post_tag","embeddable":true,"href":"https:\/\/masterblog.es\/pt\/wp-json\/wp\/v2\/tags?post=163"}],"curies":[{"name":"wp","href":"https:\/\/api.w.org\/{rel}","templated":true}]}}